{"id":2151,"date":"2023-02-24T13:45:54","date_gmt":"2023-02-24T12:45:54","guid":{"rendered":"https:\/\/staging.tentoo.be\/lindexation-des-salaires-sapplique-egalement-aux-travailleurs-flexibles\/"},"modified":"2023-03-06T12:18:26","modified_gmt":"2023-03-06T11:18:26","slug":"lindexation-des-salaires-sapplique-egalement-aux-travailleurs-flexibles","status":"publish","type":"post","link":"https:\/\/staging.tentoo.be\/fr\/lindexation-des-salaires-sapplique-egalement-aux-travailleurs-flexibles\/","title":{"rendered":"L&rsquo;indexation des salaires s&rsquo;applique \u00e9galement aux travailleurs flexibles"},"content":{"rendered":"\n<h4 class=\"wp-block-heading\"><\/h4>\n\n\n\n<p><strong><em>En raison de la forte inflation, les salaires seront index\u00e9s \u00e0 un taux historiquement \u00e9lev\u00e9 \u00e0 partir de janvier 2023. Les organisations qui emploient des travailleurs temporaires sont tenues de verser \u00e0 ces employ\u00e9s flexibles les m\u00eames salaires que les employ\u00e9s permanents occupant le m\u00eame poste. Par cons\u00e9quent, l&rsquo;indexation des salaires s&rsquo;applique \u00e0 eux.<\/em><\/strong><\/p>\n\n\n\n<p><\/p>\n\n\n\n<h5 class=\"wp-block-heading\"><strong><strong><strong>Indexation automatique des salaires<\/strong><\/strong><\/strong><\/h5>\n\n\n\n<p>L&rsquo;\u00e9norme inflation et l&rsquo;\u00e9volution actuelle de l&rsquo;indice sant\u00e9 liss\u00e9 signifient que l&rsquo;indexation des salaires pr\u00e9vue pour le 1er janvier 2023 sera historiquement \u00e9lev\u00e9e. Par exemple, pour la Commission paritaire compl\u00e9mentaire n\u00b0 200 pour les cols blancs, l&rsquo;indexation est de 11,08%.<\/p>\n\n\n\n<p><\/p>\n\n\n\n<h5 class=\"wp-block-heading\"><strong><strong><strong>\u00c0 travail \u00e9gal, salaire \u00e9gal<\/strong><\/strong><\/strong><\/h5>\n\n\n\n<p>Dans le cadre de la l\u00e9gislation sur le travail temporaire, le principe \u00ab\u00a0\u00e0 travail \u00e9gal, salaire \u00e9gal\u00a0\u00bb s&rsquo;applique. La r\u00e9mun\u00e9ration du travailleur temporaire ne peut \u00eatre inf\u00e9rieure \u00e0 celle \u00e0 laquelle il aurait eu droit s&rsquo;il avait \u00e9t\u00e9 employ\u00e9 par l&rsquo;utilisateur dans les m\u00eames conditions qu&rsquo;un salari\u00e9 permanent.<\/p>\n\n\n\n<p>Dans ce contexte, la notion de salaire doit \u00eatre comprise dans un sens large et inclut tous les avantages auxquels les employ\u00e9s permanents de l&rsquo;entreprise de l&rsquo;utilisateur ont \u00e9galement droit (par exemple, les ch\u00e8ques repas).  <\/p>\n\n\n\n<p>D\u00e8s lors que les salaires bruts de vos employ\u00e9s permanents sont index\u00e9s, en tant qu&rsquo;utilisateur, vous \u00eates donc l\u00e9galement tenu de l&rsquo;appliquer de la m\u00eame mani\u00e8re pour les salaires de vos employ\u00e9s temporaires. Si vous travaillez avec un montant de facture convenu, l&rsquo;indexation doit \u00e9galement \u00eatre prise en compte ici.<\/p>\n\n\n\n<p><em>Si vous avez des questions \u00e0 ce sujet, n&rsquo;h\u00e9sitez pas \u00e0 nous contacter \u00e0 l&rsquo;adresse <a rel=\"noreferrer noopener\" href=\"mailto:info@tentoo.be\" target=\"_blank\">info@tentoo.be<\/a> ou au <a rel=\"noreferrer noopener\" href=\"tel:027257000\" target=\"_blank\">02\/725 70 00<\/a><\/em>.<\/p>\n","protected":false},"excerpt":{"rendered":"<p>En raison de la forte inflation, les salaires seront index\u00e9s \u00e0 un taux historiquement \u00e9lev\u00e9 \u00e0 partir de janvier 2023. Les organisations qui emploient des travailleurs temporaires sont tenues de verser \u00e0 ces employ\u00e9s flexibles les m\u00eames salaires que les employ\u00e9s permanents occupant le m\u00eame poste. Par cons\u00e9quent, l&rsquo;indexation des salaires s&rsquo;applique \u00e0 eux.<\/p>\n","protected":false},"author":2,"featured_media":531,"comment_status":"open","ping_status":"open","sticky":false,"template":"","format":"standard","meta":{"_acf_changed":false,"footnotes":""},"categories":[37],"tags":[],"class_list":["post-2151","post","type-post","status-publish","format-standard","has-post-thumbnail","hentry","category-nouvelles"],"acf":[],"_links":{"self":[{"href":"https:\/\/staging.tentoo.be\/fr\/wp-json\/wp\/v2\/posts\/2151","targetHints":{"allow":["GET"]}}],"collection":[{"href":"https:\/\/staging.tentoo.be\/fr\/wp-json\/wp\/v2\/posts"}],"about":[{"href":"https:\/\/staging.tentoo.be\/fr\/wp-json\/wp\/v2\/types\/post"}],"author":[{"embeddable":true,"href":"https:\/\/staging.tentoo.be\/fr\/wp-json\/wp\/v2\/users\/2"}],"replies":[{"embeddable":true,"href":"https:\/\/staging.tentoo.be\/fr\/wp-json\/wp\/v2\/comments?post=2151"}],"version-history":[{"count":3,"href":"https:\/\/staging.tentoo.be\/fr\/wp-json\/wp\/v2\/posts\/2151\/revisions"}],"predecessor-version":[{"id":3321,"href":"https:\/\/staging.tentoo.be\/fr\/wp-json\/wp\/v2\/posts\/2151\/revisions\/3321"}],"wp:featuredmedia":[{"embeddable":true,"href":"https:\/\/staging.tentoo.be\/fr\/wp-json\/wp\/v2\/media\/531"}],"wp:attachment":[{"href":"https:\/\/staging.tentoo.be\/fr\/wp-json\/wp\/v2\/media?parent=2151"}],"wp:term":[{"taxonomy":"category","embeddable":true,"href":"https:\/\/staging.tentoo.be\/fr\/wp-json\/wp\/v2\/categories?post=2151"},{"taxonomy":"post_tag","embeddable":true,"href":"https:\/\/staging.tentoo.be\/fr\/wp-json\/wp\/v2\/tags?post=2151"}],"curies":[{"name":"wp","href":"https:\/\/api.w.org\/{rel}","templated":true}]}}